{"id":21250,"date":"2026-04-30T09:02:16","date_gmt":"2026-04-30T09:02:16","guid":{"rendered":"https:\/\/ogofurniture.com\/?p=21250"},"modified":"2026-04-30T09:08:20","modified_gmt":"2026-04-30T09:08:20","slug":"salone-del-mobile-2026","status":"publish","type":"post","link":"https:\/\/ogofurniture.com\/de\/salone-del-mobile-2026\/","title":{"rendered":"Salone del Mobile 2026"},"content":{"rendered":"\n<h1 class=\"wp-block-heading\"><strong>So haben wir unsere Premiere auf dem Salone del Mobile erlebt<\/strong><\/h1>\n\n\n\n<div style=\"height:18px\" aria-hidden=\"true\" class=\"wp-block-spacer\"><\/div>\n\n\n\n<p>Der <strong><strong><a href=\"https:\/\/www.salonemilano.it\/en\/exhibitions\/salone-internazionale-del-mobile\" type=\"link\" id=\"https:\/\/www.salonemilano.it\/en\/exhibitions\/salone-internazionale-del-mobile\">Salone del Mobile<\/a><\/strong><\/strong> ist weit mehr als nur eine M\u00f6belmesse. Er ist das weltweit bedeutendste Schaufenster f\u00fcr Design, ein Ort, an dem etablierte Gr\u00f6\u00dfen auf frische, innovative Konzepte treffen, Trends gesetzt werden und die Branche den Puls der Zukunft f\u00fchlt. In diesem Jahr hatte <strong>OGO Furniture<\/strong> zum ersten Mal die Gelegenheit, Teil dieses besonderen Ereignisses zu sein.<\/p>\n\n\n\n<div style=\"height:34px\" aria-hidden=\"true\" class=\"wp-block-spacer\"><\/div>\n\n\n\n<p>Getreu unserer Markenphilosophie war uns von Anfang an klar: Wir wollten nicht einfach nur Produkte pr\u00e4sentieren \u2013 wir wollten ein <strong>Erlebnis schaffen<\/strong>.<\/p>\n\n\n\n<div style=\"height:61px\" aria-hidden=\"true\" class=\"wp-block-spacer\"><\/div>\n\n\n\n<h2 class=\"wp-block-heading\"><strong><strong>Das Konzept unseres Messestandes<\/strong><\/strong><\/h2>\n\n\n\n<div style=\"height:17px\" aria-hidden=\"true\" class=\"wp-block-spacer\"><\/div>\n\n\n\n<p>Unser Stand wurde als eine Einladung konzipiert, innezuhalten und durchzuatmen. Die Inspiration war von Beginn an eindeutig: <strong>das Meer<\/strong>.<\/p>\n\n\n\n<div style=\"height:34px\" aria-hidden=\"true\" class=\"wp-block-spacer\"><\/div>\n\n\n\n<blockquote class=\"wp-block-quote is-layout-flow wp-block-quote-is-layout-flow\">\n<blockquote class=\"wp-block-quote is-layout-flow wp-block-quote-is-layout-flow\">\n<blockquote class=\"wp-block-quote is-layout-flow wp-block-quote-is-layout-flow\">\n<p class=\"has-blue-color has-text-color has-link-color wp-elements-fd4523eaef469bd25ba4c2d160d39ad9\"><em>Farbt\u00f6ne, die die Ruhe der Meereswelt heraufbeschw\u00f6ren, sollten die Besucher aus der Hektik des Messealltags entf\u00fchren.<\/em><\/p>\n\n\n\n<div style=\"height:34px\" aria-hidden=\"true\" class=\"wp-block-spacer\"><\/div>\n<\/blockquote>\n<\/blockquote>\n<\/blockquote>\n\n\n\n<p>In diesem maritimen Universum wurden unsere Star-Produkte zu den Protagonisten. Unter ihnen <strong><a href=\"https:\/\/ogofurniture.com\/de\/producto\/starfish-luxury-puf\/\">Starfish<\/a><\/strong>, das an das Unterwasserleben erinnert; <strong><a href=\"https:\/\/ogofurniture.com\/de\/producto\/flower-luxury-puf\/\">Flower<\/a><\/strong>, das mit derselben Spontaneit\u00e4t wie die K\u00fcstennatur erbl\u00fcht; und <a href=\"https:\/\/www.homecrux.com\/nubbi-sofa-by-ogo-furniture\/378235\/\"><strong>Nubbi<\/strong><\/a> mit seinem weichen und einh\u00fcllenden Charakter. Drei St\u00fccke, die die Essenz unserer Marke widerspiegeln und die Grenzen zwischen Innen- und Au\u00dfenm\u00f6beln neu definieren.<\/p>\n\n\n\n<div style=\"height:61px\" aria-hidden=\"true\" class=\"wp-block-spacer\"><\/div>\n\n\n\n<h3 class=\"wp-block-heading\"><strong>Verbindungen, die \u00fcber Design hinausgehen<\/strong><\/h3>\n\n\n\n<div style=\"height:18px\" aria-hidden=\"true\" class=\"wp-block-spacer\"><\/div>\n\n\n\n<p>W\u00e4hrend dieser Woche besuchten zahlreiche Designer, Architekten, Innenarchitekten und Branchenexperten auf der Suche nach inspirierenden Entw\u00fcrfen unseren Stand.<\/p>\n\n\n\n<div style=\"height:34px\" aria-hidden=\"true\" class=\"wp-block-spacer\"><\/div>\n\n\n\n<p>Der Salone ist nicht nur eine Ausstellung: Er ist ein Ort, an dem Verbindungen entstehen, Visionen \u00fcber Design und das Leben geteilt werden und an dem ein einfaches Gespr\u00e4ch der Anfang von etwas viel Gr\u00f6\u00dferem sein kann.<\/p>\n\n\n\n<div style=\"height:34px\" aria-hidden=\"true\" class=\"wp-block-spacer\"><\/div>\n\n\n\n<blockquote class=\"wp-block-quote is-layout-flow wp-block-quote-is-layout-flow\">\n<p>Mailand hat uns neue Perspektiven, Energie und die Lust gegeben, weiter voranzuschreiten. Wir wissen, dass der Weg gerade erst begonnen hat \u2013 die Geschichten, die wir in dieser Woche geteilt haben, sind nur das erste Kapitel von vielen, die noch folgen werden.<\/p>\n<\/blockquote>\n\n\n\n<p><\/p>\n\n\n\n<p><\/p>\n\n\n\n<p><\/p>\n\n\n\n<p><\/p>\n\n\n\n<p><\/p>\n\n\n\n<p><\/p>\n\n\n\n<p><\/p>\n","protected":false},"excerpt":{"rendered":"<p>So haben wir unsere Premiere auf dem Salone del Mobile erlebt Der Salone del Mobile ist weit mehr als nur eine M\u00f6belmesse. Er ist das weltweit bedeutendste Schaufenster f\u00fcr Design, ein Ort, an dem etablierte Gr\u00f6\u00dfen auf frische, innovative Konzepte treffen, Trends gesetzt werden und die Branche den Puls der Zukunft f\u00fchlt. In diesem Jahr &hellip; <a href=\"https:\/\/ogofurniture.com\/de\/salone-del-mobile-2026\/\">Continued<\/a><\/p>\n","protected":false},"author":9,"featured_media":21205,"comment_status":"closed","ping_status":"closed","sticky":false,"template":"","format":"standard","meta":{"_jetpack_memberships_contains_paid_content":false,"footnotes":""},"categories":[140],"tags":[],"class_list":["post-21250","post","type-post","status-publish","format-standard","has-post-thumbnail","hentry","category-die-messe"],"acf":[],"yoast_head":"<!-- This site is optimized with the Yoast SEO plugin v27.5 - https:\/\/yoast.com\/product\/yoast-seo-wordpress\/ -->\n<title>Salone del Mobile 2026 - ogofurniture<\/title>\n<meta name=\"description\" content=\"OGO Furniture deb\u00fctiert auf dem Salone del Mobile in Mailand 2026 mit einem vom Meer inspirierten Stand und seiner Design-Outdoor-M\u00f6belkollektion.\" \/>\n<meta name=\"robots\" content=\"index, follow, max-snippet:-1, max-image-preview:large, max-video-preview:-1\" \/>\n<link rel=\"canonical\" href=\"https:\/\/ogofurniture.com\/de\/salone-del-mobile-2026\/\" \/>\n<meta property=\"og:locale\" content=\"de_DE\" \/>\n<meta property=\"og:type\" content=\"article\" \/>\n<meta property=\"og:title\" content=\"Salone del Mobile 2026 - ogofurniture\" \/>\n<meta property=\"og:description\" content=\"OGO Furniture deb\u00fctiert auf dem Salone del Mobile in Mailand 2026 mit einem vom Meer inspirierten Stand und seiner Design-Outdoor-M\u00f6belkollektion.\" \/>\n<meta property=\"og:url\" content=\"https:\/\/ogofurniture.com\/de\/salone-del-mobile-2026\/\" \/>\n<meta property=\"og:site_name\" content=\"ogofurniture\" \/>\n<meta property=\"article:published_time\" content=\"2026-04-30T09:02:16+00:00\" \/>\n<meta property=\"article:modified_time\" content=\"2026-04-30T09:08:20+00:00\" \/>\n<meta property=\"og:image\" content=\"https:\/\/ogofurniture.com\/wp-content\/uploads\/2026\/04\/OGO-FURNITURE_-SALONE-21-scaled-e1777540086746.jpg\" \/>\n\t<meta property=\"og:image:width\" content=\"1907\" \/>\n\t<meta property=\"og:image:height\" content=\"2394\" \/>\n\t<meta property=\"og:image:type\" content=\"image\/jpeg\" \/>\n<meta name=\"author\" content=\"Ana\" \/>\n<meta name=\"twitter:card\" content=\"summary_large_image\" \/>\n<meta name=\"twitter:label1\" content=\"Verfasst von\" \/>\n\t<meta name=\"twitter:data1\" content=\"Ana\" \/>\n\t<meta name=\"twitter:label2\" content=\"Gesch\u00e4tzte Lesezeit\" \/>\n\t<meta name=\"twitter:data2\" content=\"2\u00a0Minuten\" \/>\n<script type=\"application\/ld+json\" class=\"yoast-schema-graph\">{\"@context\":\"https:\\\/\\\/schema.org\",\"@graph\":[{\"@type\":\"Article\",\"@id\":\"https:\\\/\\\/ogofurniture.com\\\/de\\\/salone-del-mobile-2026\\\/#article\",\"isPartOf\":{\"@id\":\"https:\\\/\\\/ogofurniture.com\\\/de\\\/salone-del-mobile-2026\\\/\"},\"author\":{\"name\":\"Ana\",\"@id\":\"https:\\\/\\\/ogofurniture.com\\\/de\\\/#\\\/schema\\\/person\\\/0af763ba862a3d51ad1fcd3f7e7a2f70\"},\"headline\":\"Salone del Mobile 2026\",\"datePublished\":\"2026-04-30T09:02:16+00:00\",\"dateModified\":\"2026-04-30T09:08:20+00:00\",\"mainEntityOfPage\":{\"@id\":\"https:\\\/\\\/ogofurniture.com\\\/de\\\/salone-del-mobile-2026\\\/\"},\"wordCount\":304,\"image\":{\"@id\":\"https:\\\/\\\/ogofurniture.com\\\/de\\\/salone-del-mobile-2026\\\/#primaryimage\"},\"thumbnailUrl\":\"https:\\\/\\\/ogofurniture.com\\\/wp-content\\\/uploads\\\/2026\\\/04\\\/OGO-FURNITURE_-SALONE-21-scaled-e1777540086746.jpg\",\"articleSection\":[\"Die Messe\"],\"inLanguage\":\"de\"},{\"@type\":\"WebPage\",\"@id\":\"https:\\\/\\\/ogofurniture.com\\\/de\\\/salone-del-mobile-2026\\\/\",\"url\":\"https:\\\/\\\/ogofurniture.com\\\/de\\\/salone-del-mobile-2026\\\/\",\"name\":\"Salone del Mobile 2026 - ogofurniture\",\"isPartOf\":{\"@id\":\"https:\\\/\\\/ogofurniture.com\\\/de\\\/#website\"},\"primaryImageOfPage\":{\"@id\":\"https:\\\/\\\/ogofurniture.com\\\/de\\\/salone-del-mobile-2026\\\/#primaryimage\"},\"image\":{\"@id\":\"https:\\\/\\\/ogofurniture.com\\\/de\\\/salone-del-mobile-2026\\\/#primaryimage\"},\"thumbnailUrl\":\"https:\\\/\\\/ogofurniture.com\\\/wp-content\\\/uploads\\\/2026\\\/04\\\/OGO-FURNITURE_-SALONE-21-scaled-e1777540086746.jpg\",\"datePublished\":\"2026-04-30T09:02:16+00:00\",\"dateModified\":\"2026-04-30T09:08:20+00:00\",\"author\":{\"@id\":\"https:\\\/\\\/ogofurniture.com\\\/de\\\/#\\\/schema\\\/person\\\/0af763ba862a3d51ad1fcd3f7e7a2f70\"},\"description\":\"OGO Furniture deb\u00fctiert auf dem Salone del Mobile in Mailand 2026 mit einem vom Meer inspirierten Stand und seiner Design-Outdoor-M\u00f6belkollektion.\",\"inLanguage\":\"de\",\"potentialAction\":[{\"@type\":\"ReadAction\",\"target\":[\"https:\\\/\\\/ogofurniture.com\\\/de\\\/salone-del-mobile-2026\\\/\"]}]},{\"@type\":\"ImageObject\",\"inLanguage\":\"de\",\"@id\":\"https:\\\/\\\/ogofurniture.com\\\/de\\\/salone-del-mobile-2026\\\/#primaryimage\",\"url\":\"https:\\\/\\\/ogofurniture.com\\\/wp-content\\\/uploads\\\/2026\\\/04\\\/OGO-FURNITURE_-SALONE-21-scaled-e1777540086746.jpg\",\"contentUrl\":\"https:\\\/\\\/ogofurniture.com\\\/wp-content\\\/uploads\\\/2026\\\/04\\\/OGO-FURNITURE_-SALONE-21-scaled-e1777540086746.jpg\",\"width\":1907,\"height\":2394},{\"@type\":\"WebSite\",\"@id\":\"https:\\\/\\\/ogofurniture.com\\\/de\\\/#website\",\"url\":\"https:\\\/\\\/ogofurniture.com\\\/de\\\/\",\"name\":\"ogofurniture\",\"description\":\"In &amp; Out Furniture\",\"potentialAction\":[{\"@type\":\"SearchAction\",\"target\":{\"@type\":\"EntryPoint\",\"urlTemplate\":\"https:\\\/\\\/ogofurniture.com\\\/de\\\/?s={search_term_string}\"},\"query-input\":{\"@type\":\"PropertyValueSpecification\",\"valueRequired\":true,\"valueName\":\"search_term_string\"}}],\"inLanguage\":\"de\"},{\"@type\":\"Person\",\"@id\":\"https:\\\/\\\/ogofurniture.com\\\/de\\\/#\\\/schema\\\/person\\\/0af763ba862a3d51ad1fcd3f7e7a2f70\",\"name\":\"Ana\",\"url\":\"https:\\\/\\\/ogofurniture.com\\\/de\\\/author\\\/ana\\\/\"}]}<\/script>\n<!-- \/ Yoast SEO plugin. -->","yoast_head_json":{"title":"Salone del Mobile 2026 - ogofurniture","description":"OGO Furniture deb\u00fctiert auf dem Salone del Mobile in Mailand 2026 mit einem vom Meer inspirierten Stand und seiner Design-Outdoor-M\u00f6belkollektion.","robots":{"index":"index","follow":"follow","max-snippet":"max-snippet:-1","max-image-preview":"max-image-preview:large","max-video-preview":"max-video-preview:-1"},"canonical":"https:\/\/ogofurniture.com\/de\/salone-del-mobile-2026\/","og_locale":"de_DE","og_type":"article","og_title":"Salone del Mobile 2026 - ogofurniture","og_description":"OGO Furniture deb\u00fctiert auf dem Salone del Mobile in Mailand 2026 mit einem vom Meer inspirierten Stand und seiner Design-Outdoor-M\u00f6belkollektion.","og_url":"https:\/\/ogofurniture.com\/de\/salone-del-mobile-2026\/","og_site_name":"ogofurniture","article_published_time":"2026-04-30T09:02:16+00:00","article_modified_time":"2026-04-30T09:08:20+00:00","og_image":[{"width":1907,"height":2394,"url":"https:\/\/ogofurniture.com\/wp-content\/uploads\/2026\/04\/OGO-FURNITURE_-SALONE-21-scaled-e1777540086746.jpg","type":"image\/jpeg"}],"author":"Ana","twitter_card":"summary_large_image","twitter_misc":{"Verfasst von":"Ana","Gesch\u00e4tzte Lesezeit":"2\u00a0Minuten"},"schema":{"@context":"https:\/\/schema.org","@graph":[{"@type":"Article","@id":"https:\/\/ogofurniture.com\/de\/salone-del-mobile-2026\/#article","isPartOf":{"@id":"https:\/\/ogofurniture.com\/de\/salone-del-mobile-2026\/"},"author":{"name":"Ana","@id":"https:\/\/ogofurniture.com\/de\/#\/schema\/person\/0af763ba862a3d51ad1fcd3f7e7a2f70"},"headline":"Salone del Mobile 2026","datePublished":"2026-04-30T09:02:16+00:00","dateModified":"2026-04-30T09:08:20+00:00","mainEntityOfPage":{"@id":"https:\/\/ogofurniture.com\/de\/salone-del-mobile-2026\/"},"wordCount":304,"image":{"@id":"https:\/\/ogofurniture.com\/de\/salone-del-mobile-2026\/#primaryimage"},"thumbnailUrl":"https:\/\/ogofurniture.com\/wp-content\/uploads\/2026\/04\/OGO-FURNITURE_-SALONE-21-scaled-e1777540086746.jpg","articleSection":["Die Messe"],"inLanguage":"de"},{"@type":"WebPage","@id":"https:\/\/ogofurniture.com\/de\/salone-del-mobile-2026\/","url":"https:\/\/ogofurniture.com\/de\/salone-del-mobile-2026\/","name":"Salone del Mobile 2026 - ogofurniture","isPartOf":{"@id":"https:\/\/ogofurniture.com\/de\/#website"},"primaryImageOfPage":{"@id":"https:\/\/ogofurniture.com\/de\/salone-del-mobile-2026\/#primaryimage"},"image":{"@id":"https:\/\/ogofurniture.com\/de\/salone-del-mobile-2026\/#primaryimage"},"thumbnailUrl":"https:\/\/ogofurniture.com\/wp-content\/uploads\/2026\/04\/OGO-FURNITURE_-SALONE-21-scaled-e1777540086746.jpg","datePublished":"2026-04-30T09:02:16+00:00","dateModified":"2026-04-30T09:08:20+00:00","author":{"@id":"https:\/\/ogofurniture.com\/de\/#\/schema\/person\/0af763ba862a3d51ad1fcd3f7e7a2f70"},"description":"OGO Furniture deb\u00fctiert auf dem Salone del Mobile in Mailand 2026 mit einem vom Meer inspirierten Stand und seiner Design-Outdoor-M\u00f6belkollektion.","inLanguage":"de","potentialAction":[{"@type":"ReadAction","target":["https:\/\/ogofurniture.com\/de\/salone-del-mobile-2026\/"]}]},{"@type":"ImageObject","inLanguage":"de","@id":"https:\/\/ogofurniture.com\/de\/salone-del-mobile-2026\/#primaryimage","url":"https:\/\/ogofurniture.com\/wp-content\/uploads\/2026\/04\/OGO-FURNITURE_-SALONE-21-scaled-e1777540086746.jpg","contentUrl":"https:\/\/ogofurniture.com\/wp-content\/uploads\/2026\/04\/OGO-FURNITURE_-SALONE-21-scaled-e1777540086746.jpg","width":1907,"height":2394},{"@type":"WebSite","@id":"https:\/\/ogofurniture.com\/de\/#website","url":"https:\/\/ogofurniture.com\/de\/","name":"ogofurniture","description":"In &amp; Out Furniture","potentialAction":[{"@type":"SearchAction","target":{"@type":"EntryPoint","urlTemplate":"https:\/\/ogofurniture.com\/de\/?s={search_term_string}"},"query-input":{"@type":"PropertyValueSpecification","valueRequired":true,"valueName":"search_term_string"}}],"inLanguage":"de"},{"@type":"Person","@id":"https:\/\/ogofurniture.com\/de\/#\/schema\/person\/0af763ba862a3d51ad1fcd3f7e7a2f70","name":"Ana","url":"https:\/\/ogofurniture.com\/de\/author\/ana\/"}]}},"jetpack_featured_media_url":"https:\/\/ogofurniture.com\/wp-content\/uploads\/2026\/04\/OGO-FURNITURE_-SALONE-21-scaled-e1777540086746.jpg","jetpack_sharing_enabled":true,"_links":{"self":[{"href":"https:\/\/ogofurniture.com\/de\/wp-json\/wp\/v2\/posts\/21250","targetHints":{"allow":["GET"]}}],"collection":[{"href":"https:\/\/ogofurniture.com\/de\/wp-json\/wp\/v2\/posts"}],"about":[{"href":"https:\/\/ogofurniture.com\/de\/wp-json\/wp\/v2\/types\/post"}],"author":[{"embeddable":true,"href":"https:\/\/ogofurniture.com\/de\/wp-json\/wp\/v2\/users\/9"}],"replies":[{"embeddable":true,"href":"https:\/\/ogofurniture.com\/de\/wp-json\/wp\/v2\/comments?post=21250"}],"version-history":[{"count":1,"href":"https:\/\/ogofurniture.com\/de\/wp-json\/wp\/v2\/posts\/21250\/revisions"}],"predecessor-version":[{"id":21252,"href":"https:\/\/ogofurniture.com\/de\/wp-json\/wp\/v2\/posts\/21250\/revisions\/21252"}],"wp:featuredmedia":[{"embeddable":true,"href":"https:\/\/ogofurniture.com\/de\/wp-json\/wp\/v2\/media\/21205"}],"wp:attachment":[{"href":"https:\/\/ogofurniture.com\/de\/wp-json\/wp\/v2\/media?parent=21250"}],"wp:term":[{"taxonomy":"category","embeddable":true,"href":"https:\/\/ogofurniture.com\/de\/wp-json\/wp\/v2\/categories?post=21250"},{"taxonomy":"post_tag","embeddable":true,"href":"https:\/\/ogofurniture.com\/de\/wp-json\/wp\/v2\/tags?post=21250"}],"curies":[{"name":"wp","href":"https:\/\/api.w.org\/{rel}","templated":true}]}}